{"id":4530,"date":"2023-10-23T11:44:19","date_gmt":"2023-10-23T09:44:19","guid":{"rendered":"http:\/\/sterkontruimingen.nl\/?p=4530"},"modified":"2023-10-23T11:45:05","modified_gmt":"2023-10-23T09:45:05","slug":"zuctovanie-so-zelenym-svedomim-ako-vyrazne-sa-podporuje-udrzatelnost-prostrednictvom-recyklacie-a-opatovneho-pouzitia","status":"publish","type":"post","link":"https:\/\/sterkontruimingen.nl\/sk\/ontruimen-met-een-groen-geweten-hoe-sterk-duurzaamheid-bevordert-door-recycling-en-hergebruik\/","title":{"rendered":"\u010cistenie so zelen\u00fdm svedom\u00edm: Ako STERK podporuje udr\u017eate\u013enos\u0165 prostredn\u00edctvom recykl\u00e1cie a op\u00e4tovn\u00e9ho pou\u017eitia"},"content":{"rendered":"<p><em>Za\u010diatok novej kapitoly v\u00e1\u0161ho \u017eivota \u010dasto sprev\u00e1dzaj\u00fa zmeny. M\u00f4\u017eete sa s\u0165ahova\u0165, rie\u0161i\u0165 dedi\u010dstvo alebo z r\u00f4znych d\u00f4vodov opusti\u0165 nehnute\u013enos\u0165. Nech u\u017e je v\u00e1\u0161 d\u00f4vod ak\u00fdko\u013evek, v spolo\u010dnosti STERK ch\u00e1peme, \u017ee vyprat\u00e1vanie je viac ne\u017e len fyzick\u00e9 odnesenie vec\u00ed. Sme odhodlan\u00ed nielen pom\u00f4c\u0165 na\u0161im klientom, aby tento proces prebehol hladko, ale aj prispie\u0165 k udr\u017eate\u013enej\u0161ej bud\u00facnosti.<\/em><\/p>\n\n\n\n<h2 class=\"wp-block-heading\">Odbavenie so zelen\u00fdm srdcom<\/h2>\n\n\n\n<p>V spolo\u010dnosti STERK ver\u00edme v silu udr\u017eate\u013enosti. Na\u0161a spolo\u010dnos\u0165 sa sna\u017e\u00ed zni\u017eova\u0165 mno\u017estvo odpadu a minimalizova\u0165 ekologick\u00fd dopad na\u0161ich slu\u017eieb. N\u00e1\u0161 pr\u00edstup k udr\u017eate\u013en\u00e9mu vyprat\u00e1vaniu je zalo\u017een\u00fd na recykl\u00e1cii, op\u00e4tovnom pou\u017eit\u00ed a zodpovednej likvid\u00e1cii odpadu. Tu sa dozviete, ako prispievame k ekologickej\u0161ej bud\u00facnosti:<\/p>\n\n\n\n<h3 class=\"wp-block-heading\">1. Recykl\u00e1cia materi\u00e1lov<\/h3>\n\n\n\n<p>Jedn\u00fdm z hlavn\u00fdch pilierov n\u00e1\u0161ho udr\u017eate\u013en\u00e9ho kl\u00edringu je recykl\u00e1cia materi\u00e1lov. Po\u010das procesu vyprat\u00e1vania identifikujeme predmety vhodn\u00e9 na recykl\u00e1ciu, napr\u00edklad elektroniku, kovy, papier a lepenku. Tieto materi\u00e1ly sa starostlivo separuj\u00fa a odv\u00e1\u017eaj\u00fa do pr\u00edslu\u0161n\u00fdch recykla\u010dn\u00fdch zariaden\u00ed, kde sa sprac\u00favaj\u00fa na nov\u00e9 v\u00fdrobky. T\u00fdm sa zni\u017euje potreba \u0165a\u017eby zdrojov a zni\u017euje sa za\u0165a\u017eenie skl\u00e1dok.<\/p>\n\n\n\n<h3 class=\"wp-block-heading\">2. Op\u00e4tovn\u00e9 pou\u017eitie tovaru<\/h3>\n\n\n\n<p>Mnoh\u00e9 predmety, ktor\u00e9 zostali po\u010das vys\u0165ahovania, s\u00fa st\u00e1le v dobrom stave. V spolo\u010dnosti STERK sa sna\u017e\u00edme da\u0165 t\u00fdmto veciam druh\u00fa \u0161ancu. Pou\u017eite\u013en\u00e9 veci darujeme miestnym charitat\u00edvnym a neziskov\u00fdm organiz\u00e1ci\u00e1m. T\u00fdm nielen\u017ee predch\u00e1dzame vzniku odpadu, ale z\u00e1rove\u0148 pom\u00e1hame \u013eu\u010fom v n\u00fadzi a podporujeme miestnu komunitu.<\/p>\n\n\n\n<h3 class=\"wp-block-heading\">3. Zodpovedn\u00e1 likvid\u00e1cia odpadu<\/h3>\n\n\n\n<p>V pr\u00edpade predmetov, ktor\u00e9 nie je mo\u017en\u00e9 recyklova\u0165 alebo op\u00e4tovne pou\u017ei\u0165, zabezpe\u010d\u00edme ich zodpovedn\u00fa likvid\u00e1ciu. To zah\u0155\u0148a dodr\u017eiavanie v\u0161etk\u00fdch platn\u00fdch environment\u00e1lnych noriem a predpisov. Spolupracujeme so schv\u00e1len\u00fdmi spolo\u010dnos\u0165ami na nakladanie s odpadom, aby sme zabezpe\u010dili, \u017ee aj odpad, ktor\u00fd vyprodukujeme, sp\u00f4sob\u00ed \u010do najmen\u0161ie \u0161kody na \u017eivotnom prostred\u00ed.<\/p>\n\n\n\n<h2 class=\"wp-block-heading\">Pozit\u00edvny vplyv<\/h2>\n\n\n\n<p>N\u00e1\u0161 z\u00e1v\u00e4zok k udr\u017eate\u013en\u00e9mu z\u00fa\u010dtovaniu m\u00e1 merate\u013en\u00fd vplyv na \u017eivotn\u00e9 prostredie a komunitu. V\u010faka recykl\u00e1cii a op\u00e4tovn\u00e9mu pou\u017eitiu zni\u017eujeme emisie CO2 a zni\u017eujeme tlak na pr\u00edrodn\u00e9 zdroje. Na\u0161e charitat\u00edvne dary podporuj\u00fa \u013eud\u00ed v n\u00fadzi a podporuj\u00fa lep\u0161iu kvalitu \u017eivota mnoh\u00fdch \u013eud\u00ed. Okrem toho prispievame k vytv\u00e1raniu ekologick\u00fdch pracovn\u00fdch miest v recykla\u010dnom priemysle a podporujeme udr\u017eate\u013en\u00e9 postupy v na\u0161om odvetv\u00ed.<\/p>\n\n\n\n<h2 class=\"wp-block-heading\">Pripojte sa k na\u0161ej udr\u017eate\u013enej misii<\/h2>\n\n\n\n<p>V spolo\u010dnosti STERK ver\u00edme, \u017ee udr\u017eate\u013enos\u0165 je k\u013e\u00fa\u010dom k lep\u0161ej bud\u00facnosti. Ak pl\u00e1nujete vys\u0165ahovanie a chcete pozit\u00edvne ovplyvni\u0165 \u017eivotn\u00e9 prostredie, sme tu, aby sme v\u00e1m pomohli. Spolo\u010dne m\u00f4\u017eeme zabezpe\u010di\u0165, aby va\u0161e vys\u0165ahovanie prebehlo nielen hladko, ale aj prispelo k udr\u017eate\u013enej\u0161iemu svetu.<\/p>\n\n\n\n<p>Kontaktujte n\u00e1s e\u0161te dnes a dozviete sa viac o na\u0161ich slu\u017eb\u00e1ch udr\u017eate\u013enej evaku\u00e1cie a o tom, ako m\u00f4\u017eeme spolo\u010dne prispie\u0165 k zmene.<\/p>\n\n\n\n<p><em>V spolo\u010dnosti STERK sme siln\u00ed nielen v oblasti vys\u0165ahovania, ale aj v oblasti udr\u017eate\u013enosti.<\/em><\/p>\n\n\n\n<hr class=\"wp-block-separator has-alpha-channel-opacity\"\/>","protected":false},"excerpt":{"rendered":"<p>Het begin van een nieuw hoofdstuk in je leven gaat vaak gepaard met veranderingen. Het kan zijn dat je gaat verhuizen, een erfenis regelt, of een pand ontruimt om verschillende redenen. Wat je reden ook is, bij STERK begrijpen we dat ontruiming meer is dan alleen het fysiek verwijderen van spullen. We zijn vastbesloten om [&hellip;]<\/p>\n","protected":false},"author":1,"featured_media":4531,"comment_status":"open","ping_status":"closed","sticky":false,"template":"","format":"standard","meta":{"inline_featured_image":false,"footnotes":""},"categories":[17],"tags":[],"class_list":["post-4530","post","type-post","status-publish","format-standard","has-post-thumbnail","hentry","category-nieuws"],"blocksy_meta":[],"_links":{"self":[{"href":"https:\/\/sterkontruimingen.nl\/sk\/wp-json\/wp\/v2\/posts\/4530","targetHints":{"allow":["GET"]}}],"collection":[{"href":"https:\/\/sterkontruimingen.nl\/sk\/wp-json\/wp\/v2\/posts"}],"about":[{"href":"https:\/\/sterkontruimingen.nl\/sk\/wp-json\/wp\/v2\/types\/post"}],"author":[{"embeddable":true,"href":"https:\/\/sterkontruimingen.nl\/sk\/wp-json\/wp\/v2\/users\/1"}],"replies":[{"embeddable":true,"href":"https:\/\/sterkontruimingen.nl\/sk\/wp-json\/wp\/v2\/comments?post=4530"}],"version-history":[{"count":1,"href":"https:\/\/sterkontruimingen.nl\/sk\/wp-json\/wp\/v2\/posts\/4530\/revisions"}],"predecessor-version":[{"id":4532,"href":"https:\/\/sterkontruimingen.nl\/sk\/wp-json\/wp\/v2\/posts\/4530\/revisions\/4532"}],"wp:featuredmedia":[{"embeddable":true,"href":"https:\/\/sterkontruimingen.nl\/sk\/wp-json\/wp\/v2\/media\/4531"}],"wp:attachment":[{"href":"https:\/\/sterkontruimingen.nl\/sk\/wp-json\/wp\/v2\/media?parent=4530"}],"wp:term":[{"taxonomy":"category","embeddable":true,"href":"https:\/\/sterkontruimingen.nl\/sk\/wp-json\/wp\/v2\/categories?post=4530"},{"taxonomy":"post_tag","embeddable":true,"href":"https:\/\/sterkontruimingen.nl\/sk\/wp-json\/wp\/v2\/tags?post=4530"}],"curies":[{"name":"wp","href":"https:\/\/api.w.org\/{rel}","templated":true}]}}